{"id":218,"date":"2024-08-12T10:52:07","date_gmt":"2024-08-12T10:52:07","guid":{"rendered":"https:\/\/smkielnia.szczecin.pl\/?p=218"},"modified":"2026-03-19T19:32:30","modified_gmt":"2026-03-19T17:32:30","slug":"218","status":"publish","type":"post","link":"https:\/\/smkielnia.szczecin.pl\/index.php\/2024\/08\/12\/218\/","title":{"rendered":"16-go sierpnia dzie\u0144 wolny"},"content":{"rendered":"\n<div class=\"et_pb_section_0 et_pb_section et_section_regular et_block_section\"><div class=\"et_pb_row_0 et_pb_row et_block_row\"><div class=\"et_pb_column_0 et_pb_column et_pb_column_1_2 et_block_column et_pb_css_mix_blend_mode_passthrough\"><div class=\"et_pb_image_0 et_pb_image et_pb_module et_block_module\"><span class=\"et_pb_image_wrap\"><img loading=\"lazy\" decoding=\"async\" src=\"https:\/\/smkielnia.szczecin.pl\/wp-content\/uploads\/2024\/08\/dzien_wolny_od_pracy_23216.jpg\" width=\"600\" height=\"430\" srcset=\"https:\/\/smkielnia.szczecin.pl\/wp-content\/uploads\/2024\/08\/dzien_wolny_od_pracy_23216.jpg 600w, https:\/\/smkielnia.szczecin.pl\/wp-content\/uploads\/2024\/08\/dzien_wolny_od_pracy_23216-480x344.jpg 480w\" sizes=\"(min-width: 0px) and (max-width: 480px) 480px, (min-width: 481px) 600px, 100vw\" class=\"wp-image-220\" title=\"dzien_wolny_od_pracy_23216\" \/><\/span><\/div><\/div><div class=\"et_pb_column_1 et_pb_column et_pb_column_1_2 et-last-child et_block_column et_pb_css_mix_blend_mode_passthrough\"><div class=\"et_pb_text_0 et_pb_text et_pb_bg_layout_light et_pb_module et_block_module\"><div class=\"et_pb_text_inner\"><p>W zwi\u0105zku z faktem, \u017ce 15-go sieprnia jest \u015bwi\u0119to informujemy uprzejmie naszym klinet\u00f3w, \u017ce w dniu nastepnym, tj. <strong>16-go sierpnia 2024r<\/strong> biura sp\u00f3\u0142dzielni \"Kielnia\" b\u0119d\u0105 <strong>nieczynne<\/strong>.\u00a0<br \/>Zapraszamy ponownie od poniedzia\u0142ku 19-go sieprnia.<\/p>\n<p>&nbsp;<\/p>\n<p>Administracja Sp\u00f3\u0142dzielni Mieszkaniowej \"Kielnia\"<\/p>\n<\/div><\/div><\/div><\/div><\/div>\n","protected":false},"excerpt":{"rendered":"","protected":false},"author":1,"featured_media":0,"comment_status":"closed","ping_status":"closed","sticky":false,"template":"","format":"standard","meta":{"footnotes":""},"categories":[1],"tags":[],"class_list":["post-218","post","type-post","status-publish","format-standard","hentry","category-uncategorized"],"_links":{"self":[{"href":"https:\/\/smkielnia.szczecin.pl\/index.php\/wp-json\/wp\/v2\/posts\/218","targetHints":{"allow":["GET"]}}],"collection":[{"href":"https:\/\/smkielnia.szczecin.pl\/index.php\/wp-json\/wp\/v2\/posts"}],"about":[{"href":"https:\/\/smkielnia.szczecin.pl\/index.php\/wp-json\/wp\/v2\/types\/post"}],"author":[{"embeddable":true,"href":"https:\/\/smkielnia.szczecin.pl\/index.php\/wp-json\/wp\/v2\/users\/1"}],"replies":[{"embeddable":true,"href":"https:\/\/smkielnia.szczecin.pl\/index.php\/wp-json\/wp\/v2\/comments?post=218"}],"version-history":[{"count":8,"href":"https:\/\/smkielnia.szczecin.pl\/index.php\/wp-json\/wp\/v2\/posts\/218\/revisions"}],"predecessor-version":[{"id":375,"href":"https:\/\/smkielnia.szczecin.pl\/index.php\/wp-json\/wp\/v2\/posts\/218\/revisions\/375"}],"wp:attachment":[{"href":"https:\/\/smkielnia.szczecin.pl\/index.php\/wp-json\/wp\/v2\/media?parent=218"}],"wp:term":[{"taxonomy":"category","embeddable":true,"href":"https:\/\/smkielnia.szczecin.pl\/index.php\/wp-json\/wp\/v2\/categories?post=218"},{"taxonomy":"post_tag","embeddable":true,"href":"https:\/\/smkielnia.szczecin.pl\/index.php\/wp-json\/wp\/v2\/tags?post=218"}],"curies":[{"name":"wp","href":"https:\/\/api.w.org\/{rel}","templated":true}]}}